[{"@context":"https:\/\/schema.org\/","@type":"Article","@id":"https:\/\/www.spedex.cz\/jak-casto-si-nechate-cistit-matrace\/#Article","mainEntityOfPage":"https:\/\/www.spedex.cz\/jak-casto-si-nechate-cistit-matrace\/","headline":"Jak \u010dasto si nech\u00e1te \u010distit matrace","name":"Jak \u010dasto si nech\u00e1te \u010distit matrace","description":"Kdy\u017e se v dom\u00e1cnosti prov\u00e1d\u00ed gener\u00e1ln\u00ed \u00faklid, sm\u00fd\u010d\u00ed se ka\u017ed\u00fd kout a zas\u00e1hne to n\u00e1bytek, sv\u00edtidla, okna, dve\u0159e i podlahy. Gener\u00e1ln\u00ed \u00faklid prob\u00edh\u00e1 nap\u0159\u00edklad p\u0159ed v\u00e1no\u010dn\u00edmi sv\u00e1tky nebo p\u0159ed chystanou oslavou narozenin \u010di svatbou a po\u010d\u00edt\u00e1me s t\u00edm, \u017ee bude byt jako kl\u00edcka \u2013 \u010dist\u00fd a vo\u0148av\u00fd. V r\u00e1mci \u00faklidu ale na n\u011bco m\u016f\u017eeme zapomenout,&hellip;","datePublished":"2024-11-19","dateModified":"2024-11-19","author":{"@type":"Person","@id":"https:\/\/www.spedex.cz\/author\/#Person","name":"","url":"https:\/\/www.spedex.cz\/author\/","identifier":1,"image":{"@type":"ImageObject","@id":"https:\/\/secure.gravatar.com\/avatar\/15c4177f6d86975c976af12ba80b10af7add2f97f8786f8cf1596253472c0ea7?s=96&d=mm&r=g","url":"https:\/\/secure.gravatar.com\/avatar\/15c4177f6d86975c976af12ba80b10af7add2f97f8786f8cf1596253472c0ea7?s=96&d=mm&r=g","height":96,"width":96}},"publisher":{"@type":"Organization","name":"spedex.cz","logo":{"@type":"ImageObject","@id":"\/logo.png","url":"\/logo.png","width":600,"height":60}},"image":{"@type":"ImageObject","@id":"https:\/\/www.spedex.cz\/wp-content\/uploads\/baby-boy-3368016_640_10.jpg","url":"https:\/\/www.spedex.cz\/wp-content\/uploads\/baby-boy-3368016_640_10.jpg","height":0,"width":0},"url":"https:\/\/www.spedex.cz\/jak-casto-si-nechate-cistit-matrace\/","about":["Spole\u010dnosti"],"wordCount":426,"articleBody":"       Kdy\u017e se v dom\u00e1cnosti prov\u00e1d\u00ed gener\u00e1ln\u00ed \u00faklid, sm\u00fd\u010d\u00ed se ka\u017ed\u00fd kout a zas\u00e1hne to n\u00e1bytek, sv\u00edtidla, okna, dve\u0159e i podlahy. Gener\u00e1ln\u00ed \u00faklid prob\u00edh\u00e1 nap\u0159\u00edklad p\u0159ed v\u00e1no\u010dn\u00edmi sv\u00e1tky nebo p\u0159ed chystanou oslavou narozenin \u010di svatbou a po\u010d\u00edt\u00e1me s t\u00edm, \u017ee bude byt jako kl\u00edcka \u2013 \u010dist\u00fd a vo\u0148av\u00fd. V r\u00e1mci \u00faklidu ale na n\u011bco m\u016f\u017eeme zapomenout, a tak v\u00e1m jen p\u0159ipom\u00edn\u00e1me, \u017ee byste tak\u00e9 nem\u011bli opom\u00edjet stav va\u0161ich matrac\u00ed a \u010daloun\u011bn\u00ed \u017eidl\u00ed a sedac\u00edch souprav. \u017dmolky prachu \u2013 jak je na tom va\u0161e seda\u010dka v ob\u00fdv\u00e1ku, o tom se m\u016f\u017eete p\u0159esv\u011bd\u010dit jednoduch\u00fdm pokusem. Namo\u010dte a vy\u017ed\u00edmejte \u010distou kuchy\u0148skou houbi\u010dku \u010di had\u0159\u00edk a p\u00e1rkr\u00e1t s n\u00edm p\u0159eje\u010fte po exponovan\u00fdch m\u00edstech na sedac\u00ed souprav\u011b nebo na polstrov\u00e1n\u00ed \u017eidle. Z\u0159ejm\u011b tu zaznamen\u00e1te mnoho \u017emolk\u016f, vlas\u016f a chlup\u016f, a kdy\u017e houbi\u010dku namo\u010d\u00edte do misky s \u010distou vodou a vy\u017ed\u00edm\u00e1te, voda p\u011bkn\u011b zhn\u011bdne. Je \u010das povolat na d\u016fkladn\u00e9 \u010di\u0161t\u011bn\u00ed \u010daloun\u011bn\u00ed \u00faklidovou firmu z Prahy Modr\u00fd \u017eralok. Rozto\u010di \u2013 tam, kam si \u010dasto sed\u00e1me a leh\u00e1me, da\u0159\u00ed se i rozto\u010d\u016fm. Jsou to velmi mal\u00e1 zv\u00ed\u0159\u00e1tka, sv\u00fdm vzhledem sp\u00ed\u0161e \u0161kared\u00e1, ale \u010dlov\u011bku neubli\u017euj\u00ed tak, jako kl\u00ed\u0161\u0165ata nebo \u0161t\u011bnice. Rozto\u010di nesaj\u00ed lidem krev, ale nebezpe\u010dn\u00ed jsou z jin\u00e9ho d\u016fvodu \u2013 velmi jim chutn\u00e1 na\u0161e odum\u0159el\u00e1 k\u016f\u017ee a tak\u00e9 n\u011bkter\u00e9 bakterie, kvasinky \u010di pl\u00edsn\u011b. Rozto\u010di produkuj\u00ed v\u00fdkaly a ty \u010dasem zaschnou a v\u00ed\u0159\u00ed se spolu s prachem v ovzdu\u0161\u00ed, tak\u017ee je snadno vdechneme, na\u010de\u017e v\u00fdkaly rozto\u010d\u016f mohou n\u011bkter\u00fdm lidem zp\u016fsobit probl\u00e9my s imunitn\u00edm syst\u00e9mem, kter\u00e9 se projevuj\u00ed alergickou reakc\u00ed. Pot \u2013 na sedac\u00edch souprav\u00e1ch, \u010daloun\u011bn\u00ed \u010di matrac\u00edch se tak\u00e9 objevuje n\u00e1\u0161 pot, kup\u0159\u00edkladu pokud used\u00e1te \u010dasto do k\u0159esla naboso a ot\u00edr\u00e1te do n\u011bj pot z chodidel. Ten tu pak zaschne a za\u010dnou si na n\u011bm pochutn\u00e1vat bakterie, tak\u017ee v\u00e1m \u010dasem m\u016f\u017ee \u010daloun\u011bn\u00ed p\u0159ipom\u00ednat sv\u00fdm od\u00e9rem nemyt\u00e9 nohy. Tak\u017ee dal\u0161\u00ed d\u016fvod, pro\u010d povolat na d\u016fkladn\u00e9 vy\u010di\u0161t\u011bn\u00ed matrac\u00ed a \u010daloun\u011bn\u00ed profesion\u00e1ly.                                                                                                                                                                                                                                                                                                                                                                                           4.4\/5 - (14 votes)        "},{"@context":"https:\/\/schema.org\/","@type":"BreadcrumbList","itemListElement":[{"@type":"ListItem","position":1,"name":"Jak \u010dasto si nech\u00e1te \u010distit matrace","item":"https:\/\/www.spedex.cz\/jak-casto-si-nechate-cistit-matrace\/#breadcrumbitem"}]}]