[{"@context":"https:\/\/schema.org\/","@type":"Article","@id":"https:\/\/www.spedex.cz\/nasa-firma-je-vo-svojom-odbore-profesionalom\/#Article","mainEntityOfPage":"https:\/\/www.spedex.cz\/nasa-firma-je-vo-svojom-odbore-profesionalom\/","headline":"Na\u0161a firma je vo svojom odbore profesion\u00e1lom","name":"Na\u0161a firma je vo svojom odbore profesion\u00e1lom","description":"Je \u00faplne samozrejm\u00e9, \u017ee ka\u017ed\u00fd sa chce sta\u0165 z\u00e1kazn\u00edkom profesion\u00e1lne firmy, ktor\u00e9 m\u00f4\u017ee veri\u0165 a spo\u013eahn\u00fa\u0165 sa na \u0148u. Ak aj vy h\u013ead\u00e1te niekoho, kto je d\u00f4veryhodn\u00fd vie, \u010do rob\u00ed a \u0161pecializuje sa na mobiln\u00e9 domy, je pre v\u00e1s na\u0161a spolo\u010dnos\u0165 spr\u00e1vnou vo\u013ebou. Sme firma Euro-Mobiln\u00e9 Domy a vieme, ako m\u00e1me v\u0161etk\u00fdm z\u00e1kazn\u00edkom d\u00e1va\u0165 to,&hellip;","datePublished":"2025-09-03","dateModified":"2025-09-03","author":{"@type":"Person","@id":"https:\/\/www.spedex.cz\/author\/#Person","name":"","url":"https:\/\/www.spedex.cz\/author\/","identifier":1,"image":{"@type":"ImageObject","@id":"https:\/\/secure.gravatar.com\/avatar\/15c4177f6d86975c976af12ba80b10af7add2f97f8786f8cf1596253472c0ea7?s=96&d=mm&r=g","url":"https:\/\/secure.gravatar.com\/avatar\/15c4177f6d86975c976af12ba80b10af7add2f97f8786f8cf1596253472c0ea7?s=96&d=mm&r=g","height":96,"width":96}},"publisher":{"@type":"Organization","name":"spedex.cz","logo":{"@type":"ImageObject","@id":"\/logo.png","url":"\/logo.png","width":600,"height":60}},"url":"https:\/\/www.spedex.cz\/nasa-firma-je-vo-svojom-odbore-profesionalom\/","wordCount":170,"articleBody":" Je \u00faplne samozrejm\u00e9, \u017ee ka\u017ed\u00fd sa chce sta\u0165 z\u00e1kazn\u00edkom profesion\u00e1lne firmy, ktor\u00e9 m\u00f4\u017ee veri\u0165 a spo\u013eahn\u00fa\u0165 sa na \u0148u. Ak aj vy h\u013ead\u00e1te niekoho, kto je d\u00f4veryhodn\u00fd vie, \u010do rob\u00ed a \u0161pecializuje sa na mobiln\u00e9 domy, je pre v\u00e1s na\u0161a spolo\u010dnos\u0165 spr\u00e1vnou vo\u013ebou. Sme firma Euro-Mobiln\u00e9 Domy a vieme, ako m\u00e1me v\u0161etk\u00fdm z\u00e1kazn\u00edkom d\u00e1va\u0165 to, \u010do chc\u00fa a potrebuj\u00fa. Aj to je jeden z d\u00f4vodov, pre\u010do m\u00e1me tak dobr\u00fa poves\u0165 a skvel\u00e9 recenzie od spokojn\u00fdch klientov. V\u017edy v\u00e1m so v\u0161etk\u00fdm pom\u00f4\u017eeme Snami si m\u00f4\u017eete by\u0165 ist\u00ed t\u00fdm, \u017ee v\u00e1m v\u017edy a vo v\u0161etkom pom\u00f4\u017eeme a porad\u00edme. Chceme, aby ste od n\u00e1s odch\u00e1dzali s pocitom, \u017ee ste si vybrali naozaj ten v\u00fdrobky, v ktorom sa v\u00e1m bude skvele \u017ei\u0165, nech nav\u017edy alebo len, ako si postav\u00edte nie\u010do in\u00e9.                                                                                                                                                                                                                                                                                                                                                                                                "},{"@context":"https:\/\/schema.org\/","@type":"BreadcrumbList","itemListElement":[{"@type":"ListItem","position":1,"name":"Na\u0161a firma je vo svojom odbore profesion\u00e1lom","item":"https:\/\/www.spedex.cz\/nasa-firma-je-vo-svojom-odbore-profesionalom\/#breadcrumbitem"}]}]