[{"@context":"https:\/\/schema.org\/","@type":"Blog","@id":"https:\/\/www.spedex.cz#Blog","headline":"Spedex","description":"\nNab\u00eddky r\u016fzn\u00fdch web\u016f mohou lidem nejednou i u\u0161kodit. A proto si je z\u00e1hodno vyb\u00edrat jen to, co je zn\u00e1m\u00e9 svoj\u00ed spolehlivost\u00ed a kvalitou. Tedy n\u00e1\u0161 web.","url":"https:\/\/www.spedex.cz","hasPart":[{"@type":"Article","@id":"https:\/\/www.spedex.cz\/podnikejte-jako-hodinova-manzelka\/","headline":"Podnikejte jako hodinov\u00e1 man\u017eelka","url":"https:\/\/www.spedex.cz\/podnikejte-jako-hodinova-manzelka\/","datePublished":"2025-03-04","dateModified":"2025-03-04","mainEntityOfPage":"https:\/\/www.spedex.cz\/podnikejte-jako-hodinova-manzelka\/","author":{"@type":"Person","@id":"https:\/\/www.spedex.cz\/author\/#Person","name":"","url":"https:\/\/www.spedex.cz\/author\/","identifier":1,"image":{"@type":"ImageObject","@id":"https:\/\/secure.gravatar.com\/avatar\/15c4177f6d86975c976af12ba80b10af7add2f97f8786f8cf1596253472c0ea7?s=96&d=mm&r=g","url":"https:\/\/secure.gravatar.com\/avatar\/15c4177f6d86975c976af12ba80b10af7add2f97f8786f8cf1596253472c0ea7?s=96&d=mm&r=g","height":96,"width":96}},"publisher":{"@type":"Organization","name":"spedex.cz","logo":{"@type":"ImageObject","@id":"\/logo.png","url":"\/logo.png","width":600,"height":60}},"image":{"@type":"ImageObject","@id":"https:\/\/www.spedex.cz\/wp-content\/uploads\/img_a307329_w2061_t1518641706.png","url":"https:\/\/www.spedex.cz\/wp-content\/uploads\/img_a307329_w2061_t1518641706.png","height":0,"width":0},"wordCount":549,"keywords":null},{"@type":"Article","@id":"https:\/\/www.spedex.cz\/vite-jak-na-reklamaci-ci-vraceni-zbozi\/","headline":"V\u00edte jak na reklamaci \u010di vr\u00e1cen\u00ed zbo\u017e\u00ed?","url":"https:\/\/www.spedex.cz\/vite-jak-na-reklamaci-ci-vraceni-zbozi\/","datePublished":"2025-02-27","dateModified":"2025-02-27","mainEntityOfPage":"https:\/\/www.spedex.cz\/vite-jak-na-reklamaci-ci-vraceni-zbozi\/","author":{"@type":"Person","@id":"https:\/\/www.spedex.cz\/author\/#Person","name":"","url":"https:\/\/www.spedex.cz\/author\/","identifier":1,"image":{"@type":"ImageObject","@id":"https:\/\/secure.gravatar.com\/avatar\/15c4177f6d86975c976af12ba80b10af7add2f97f8786f8cf1596253472c0ea7?s=96&d=mm&r=g","url":"https:\/\/secure.gravatar.com\/avatar\/15c4177f6d86975c976af12ba80b10af7add2f97f8786f8cf1596253472c0ea7?s=96&d=mm&r=g","height":96,"width":96}},"publisher":{"@type":"Organization","name":"spedex.cz","logo":{"@type":"ImageObject","@id":"\/logo.png","url":"\/logo.png","width":600,"height":60}},"image":{"@type":"ImageObject","@id":"https:\/\/www.spedex.cz\/wp-content\/uploads\/img_a316341_w2136_t1527315774.jpg","url":"https:\/\/www.spedex.cz\/wp-content\/uploads\/img_a316341_w2136_t1527315774.jpg","height":0,"width":0},"wordCount":552,"keywords":null},{"@type":"Article","@id":"https:\/\/www.spedex.cz\/dovolena-v-tuzemsku-ma-prednost-pred-pobytem-u-more\/","headline":"Dovolen\u00e1 v tuzemsku m\u00e1 p\u0159ednost p\u0159ed pobytem u mo\u0159e","url":"https:\/\/www.spedex.cz\/dovolena-v-tuzemsku-ma-prednost-pred-pobytem-u-more\/","datePublished":"2025-02-26","dateModified":"2025-02-26","mainEntityOfPage":"https:\/\/www.spedex.cz\/dovolena-v-tuzemsku-ma-prednost-pred-pobytem-u-more\/","author":{"@type":"Person","@id":"https:\/\/www.spedex.cz\/author\/#Person","name":"","url":"https:\/\/www.spedex.cz\/author\/","identifier":1,"image":{"@type":"ImageObject","@id":"https:\/\/secure.gravatar.com\/avatar\/15c4177f6d86975c976af12ba80b10af7add2f97f8786f8cf1596253472c0ea7?s=96&d=mm&r=g","url":"https:\/\/secure.gravatar.com\/avatar\/15c4177f6d86975c976af12ba80b10af7add2f97f8786f8cf1596253472c0ea7?s=96&d=mm&r=g","height":96,"width":96}},"publisher":{"@type":"Organization","name":"spedex.cz","logo":{"@type":"ImageObject","@id":"\/logo.png","url":"\/logo.png","width":600,"height":60}},"image":{"@type":"ImageObject","@id":"https:\/\/www.spedex.cz\/wp-content\/uploads\/img_a327310_w2598_t1539575034.jpg","url":"https:\/\/www.spedex.cz\/wp-content\/uploads\/img_a327310_w2598_t1539575034.jpg","height":0,"width":0},"wordCount":460,"keywords":null},{"@type":"Article","@id":"https:\/\/www.spedex.cz\/elektronicka-cigareta\/","headline":"Elektronick\u00e1 cigareta","url":"https:\/\/www.spedex.cz\/elektronicka-cigareta\/","datePublished":"2025-02-24","dateModified":"2025-02-24","mainEntityOfPage":"https:\/\/www.spedex.cz\/elektronicka-cigareta\/","author":{"@type":"Person","@id":"https:\/\/www.spedex.cz\/author\/#Person","name":"","url":"https:\/\/www.spedex.cz\/author\/","identifier":1,"image":{"@type":"ImageObject","@id":"https:\/\/secure.gravatar.com\/avatar\/15c4177f6d86975c976af12ba80b10af7add2f97f8786f8cf1596253472c0ea7?s=96&d=mm&r=g","url":"https:\/\/secure.gravatar.com\/avatar\/15c4177f6d86975c976af12ba80b10af7add2f97f8786f8cf1596253472c0ea7?s=96&d=mm&r=g","height":96,"width":96}},"publisher":{"@type":"Organization","name":"spedex.cz","logo":{"@type":"ImageObject","@id":"\/logo.png","url":"\/logo.png","width":600,"height":60}},"image":null,"wordCount":235,"keywords":null},{"@type":"Article","@id":"https:\/\/www.spedex.cz\/vzdy-si-dobre-rozmyslete-na-cem-chcete-roky-odpocivat\/","headline":"V\u017edy si dob\u0159e rozmyslete, na \u010dem chcete roky odpo\u010d\u00edvat","url":"https:\/\/www.spedex.cz\/vzdy-si-dobre-rozmyslete-na-cem-chcete-roky-odpocivat\/","datePublished":"2025-02-20","dateModified":"2025-02-20","mainEntityOfPage":"https:\/\/www.spedex.cz\/vzdy-si-dobre-rozmyslete-na-cem-chcete-roky-odpocivat\/","author":{"@type":"Person","@id":"https:\/\/www.spedex.cz\/author\/#Person","name":"","url":"https:\/\/www.spedex.cz\/author\/","identifier":1,"image":{"@type":"ImageObject","@id":"https:\/\/secure.gravatar.com\/avatar\/15c4177f6d86975c976af12ba80b10af7add2f97f8786f8cf1596253472c0ea7?s=96&d=mm&r=g","url":"https:\/\/secure.gravatar.com\/avatar\/15c4177f6d86975c976af12ba80b10af7add2f97f8786f8cf1596253472c0ea7?s=96&d=mm&r=g","height":96,"width":96}},"publisher":{"@type":"Organization","name":"spedex.cz","logo":{"@type":"ImageObject","@id":"\/logo.png","url":"\/logo.png","width":600,"height":60}},"image":null,"wordCount":206,"keywords":null},{"@type":"Article","@id":"https:\/\/www.spedex.cz\/tak-takovou-dietu-jste-dlouho-hledali\/","headline":"Tak takovou dietu jste dlouho hledali","url":"https:\/\/www.spedex.cz\/tak-takovou-dietu-jste-dlouho-hledali\/","datePublished":"2025-02-11","dateModified":"2025-02-11","mainEntityOfPage":"https:\/\/www.spedex.cz\/tak-takovou-dietu-jste-dlouho-hledali\/","author":{"@type":"Person","@id":"https:\/\/www.spedex.cz\/author\/#Person","name":"","url":"https:\/\/www.spedex.cz\/author\/","identifier":1,"image":{"@type":"ImageObject","@id":"https:\/\/secure.gravatar.com\/avatar\/15c4177f6d86975c976af12ba80b10af7add2f97f8786f8cf1596253472c0ea7?s=96&d=mm&r=g","url":"https:\/\/secure.gravatar.com\/avatar\/15c4177f6d86975c976af12ba80b10af7add2f97f8786f8cf1596253472c0ea7?s=96&d=mm&r=g","height":96,"width":96}},"publisher":{"@type":"Organization","name":"spedex.cz","logo":{"@type":"ImageObject","@id":"\/logo.png","url":"\/logo.png","width":600,"height":60}},"image":null,"wordCount":284,"keywords":null},{"@type":"Article","@id":"https:\/\/www.spedex.cz\/neobavejte-se-niceho\/","headline":"Neob\u00e1vejte se ni\u010deho","url":"https:\/\/www.spedex.cz\/neobavejte-se-niceho\/","datePublished":"2025-02-05","dateModified":"2025-02-05","mainEntityOfPage":"https:\/\/www.spedex.cz\/neobavejte-se-niceho\/","author":{"@type":"Person","@id":"https:\/\/www.spedex.cz\/author\/#Person","name":"","url":"https:\/\/www.spedex.cz\/author\/","identifier":1,"image":{"@type":"ImageObject","@id":"https:\/\/secure.gravatar.com\/avatar\/15c4177f6d86975c976af12ba80b10af7add2f97f8786f8cf1596253472c0ea7?s=96&d=mm&r=g","url":"https:\/\/secure.gravatar.com\/avatar\/15c4177f6d86975c976af12ba80b10af7add2f97f8786f8cf1596253472c0ea7?s=96&d=mm&r=g","height":96,"width":96}},"publisher":{"@type":"Organization","name":"spedex.cz","logo":{"@type":"ImageObject","@id":"\/logo.png","url":"\/logo.png","width":600,"height":60}},"image":null,"wordCount":204,"keywords":null},{"@type":"Article","@id":"https:\/\/www.spedex.cz\/vse-najednou-a-bez-zbytecne-namahy\/","headline":"V\u0161e najednou a bez zbyte\u010dn\u00e9 n\u00e1mahy","url":"https:\/\/www.spedex.cz\/vse-najednou-a-bez-zbytecne-namahy\/","datePublished":"2025-01-30","dateModified":"2025-01-30","mainEntityOfPage":"https:\/\/www.spedex.cz\/vse-najednou-a-bez-zbytecne-namahy\/","author":{"@type":"Person","@id":"https:\/\/www.spedex.cz\/author\/#Person","name":"","url":"https:\/\/www.spedex.cz\/author\/","identifier":1,"image":{"@type":"ImageObject","@id":"https:\/\/secure.gravatar.com\/avatar\/15c4177f6d86975c976af12ba80b10af7add2f97f8786f8cf1596253472c0ea7?s=96&d=mm&r=g","url":"https:\/\/secure.gravatar.com\/avatar\/15c4177f6d86975c976af12ba80b10af7add2f97f8786f8cf1596253472c0ea7?s=96&d=mm&r=g","height":96,"width":96}},"publisher":{"@type":"Organization","name":"spedex.cz","logo":{"@type":"ImageObject","@id":"\/logo.png","url":"\/logo.png","width":600,"height":60}},"image":null,"wordCount":209,"keywords":null},{"@type":"Article","@id":"https:\/\/www.spedex.cz\/prodeje-zdarma\/","headline":"Prodeje zdarma","url":"https:\/\/www.spedex.cz\/prodeje-zdarma\/","datePublished":"2025-01-22","dateModified":"2025-01-22","mainEntityOfPage":"https:\/\/www.spedex.cz\/prodeje-zdarma\/","author":{"@type":"Person","@id":"https:\/\/www.spedex.cz\/author\/#Person","name":"","url":"https:\/\/www.spedex.cz\/author\/","identifier":1,"image":{"@type":"ImageObject","@id":"https:\/\/secure.gravatar.com\/avatar\/15c4177f6d86975c976af12ba80b10af7add2f97f8786f8cf1596253472c0ea7?s=96&d=mm&r=g","url":"https:\/\/secure.gravatar.com\/avatar\/15c4177f6d86975c976af12ba80b10af7add2f97f8786f8cf1596253472c0ea7?s=96&d=mm&r=g","height":96,"width":96}},"publisher":{"@type":"Organization","name":"spedex.cz","logo":{"@type":"ImageObject","@id":"\/logo.png","url":"\/logo.png","width":600,"height":60}},"image":null,"wordCount":222,"keywords":null},{"@type":"Article","@id":"https:\/\/www.spedex.cz\/umele-kvetiny-jako-pestra-a-bezpecna-dekorace\/","headline":"Um\u011bl\u00e9 kv\u011btiny jako pestr\u00e1 a bezpe\u010dn\u00e1 dekorace","url":"https:\/\/www.spedex.cz\/umele-kvetiny-jako-pestra-a-bezpecna-dekorace\/","datePublished":"2025-01-21","dateModified":"2025-01-21","mainEntityOfPage":"https:\/\/www.spedex.cz\/umele-kvetiny-jako-pestra-a-bezpecna-dekorace\/","author":{"@type":"Person","@id":"https:\/\/www.spedex.cz\/author\/#Person","name":"","url":"https:\/\/www.spedex.cz\/author\/","identifier":1,"image":{"@type":"ImageObject","@id":"https:\/\/secure.gravatar.com\/avatar\/15c4177f6d86975c976af12ba80b10af7add2f97f8786f8cf1596253472c0ea7?s=96&d=mm&r=g","url":"https:\/\/secure.gravatar.com\/avatar\/15c4177f6d86975c976af12ba80b10af7add2f97f8786f8cf1596253472c0ea7?s=96&d=mm&r=g","height":96,"width":96}},"publisher":{"@type":"Organization","name":"spedex.cz","logo":{"@type":"ImageObject","@id":"\/logo.png","url":"\/logo.png","width":600,"height":60}},"image":{"@type":"ImageObject","@id":"https:\/\/www.spedex.cz\/wp-content\/uploads\/m-k-7ejEQp5Cr44-unsplash_2.jpg","url":"https:\/\/www.spedex.cz\/wp-content\/uploads\/m-k-7ejEQp5Cr44-unsplash_2.jpg","height":0,"width":0},"wordCount":632,"keywords":null}]},{"@context":"https:\/\/schema.org","@type":"WebSite","@id":"https:\/\/www.spedex.cz\/#website","name":"Spedex","url":"https:\/\/www.spedex.cz","potentialAction":{"@type":"SearchAction","target":"https:\/\/www.spedex.cz\/?s={search_term_string}","query-input":"required name=search_term_string"}}]